{"id":8831,"date":"2025-07-09T18:40:03","date_gmt":"2025-07-09T16:40:03","guid":{"rendered":"https:\/\/www.chamannajenatsch.ch\/?p=8831"},"modified":"2025-07-09T18:40:06","modified_gmt":"2025-07-09T16:40:06","slug":"byebye-winter","status":"publish","type":"post","link":"https:\/\/www.chamannajenatsch.ch\/en\/2025\/07\/09\/byebye-winter\/","title":{"rendered":"Byebye Winter"},"content":{"rendered":"<p>Sodeli, der Sommer kommt langsam zur\u00fcck \ud83d\ude09 Heute Morgen war es noch eher verhangen und kalt, aber jetzt ist die Sonne rausgekommen und jedes Mal wenn man aus dem Fenster schaut, hat es weniger Schnee. Ab Morgen ist also wieder Wanderwetter ohne Schneestapfen. <\/p>\n\n\n\n<p>Heute Mittag kam auch noch der Heli und wir sind wieder gut versorgt. Wir musstenm zwar etwas lange warten, da die HeliBernina noch einen &#8222;Tiernotfall&#8220; hatte und somit das verletzte Tier nat\u00fcrlich Vorrang hatte zu unserem Netz. Aber um 13 Uhr war dann alles verr\u00e4umt, p\u00fcnktlich dass wir Zmittag machen konnten. Von Alfredo haben wir zwei Kisten Pfirsiche &#8222;gute Preis&#8220; bekommen, die wir heute Nachmittag dann verarbeitet haben. Bereits sch\u00f6n geschnippelt sind die Pfirische im Tiefk\u00fchler gelandet, so dass sie ready sind f\u00fcr ein leckeres Dessert resp. W\u00e4he. <\/p>\n\n\n\n<p>Die G\u00e4ste trudelten am Nachmittag sch\u00f6n einer nach dem anderen ein, so dass es ganz gem\u00fctlich war. <\/p>","protected":false},"excerpt":{"rendered":"<p>Sodeli, der Sommer kommt langsam zur\u00fcck \ud83d\ude09 Heute Morgen war es noch eher verhangen und kalt, aber jetzt ist die Sonne rausgekommen und jedes Mal wenn man aus dem Fenster schaut, hat es weniger Schnee. Ab Morgen ist also wieder<\/p>","protected":false},"author":1,"featured_media":0,"comment_status":"closed","ping_status":"closed","sticky":false,"template":"","format":"standard","meta":{"inline_featured_image":false,"footnotes":""},"categories":[1],"tags":[],"class_list":["post-8831","post","type-post","status-publish","format-standard","hentry","category-allgemein"],"_links":{"self":[{"href":"https:\/\/www.chamannajenatsch.ch\/en\/wp-json\/wp\/v2\/posts\/8831","targetHints":{"allow":["GET"]}}],"collection":[{"href":"https:\/\/www.chamannajenatsch.ch\/en\/wp-json\/wp\/v2\/posts"}],"about":[{"href":"https:\/\/www.chamannajenatsch.ch\/en\/wp-json\/wp\/v2\/types\/post"}],"author":[{"embeddable":true,"href":"https:\/\/www.chamannajenatsch.ch\/en\/wp-json\/wp\/v2\/users\/1"}],"replies":[{"embeddable":true,"href":"https:\/\/www.chamannajenatsch.ch\/en\/wp-json\/wp\/v2\/comments?post=8831"}],"version-history":[{"count":1,"href":"https:\/\/www.chamannajenatsch.ch\/en\/wp-json\/wp\/v2\/posts\/8831\/revisions"}],"predecessor-version":[{"id":8832,"href":"https:\/\/www.chamannajenatsch.ch\/en\/wp-json\/wp\/v2\/posts\/8831\/revisions\/8832"}],"wp:attachment":[{"href":"https:\/\/www.chamannajenatsch.ch\/en\/wp-json\/wp\/v2\/media?parent=8831"}],"wp:term":[{"taxonomy":"category","embeddable":true,"href":"https:\/\/www.chamannajenatsch.ch\/en\/wp-json\/wp\/v2\/categories?post=8831"},{"taxonomy":"post_tag","embeddable":true,"href":"https:\/\/www.chamannajenatsch.ch\/en\/wp-json\/wp\/v2\/tags?post=8831"}],"curies":[{"name":"wp","href":"https:\/\/api.w.org\/{rel}","templated":true}]}}