{"id":8865,"date":"2025-07-16T22:06:09","date_gmt":"2025-07-16T20:06:09","guid":{"rendered":"https:\/\/www.chamannajenatsch.ch\/?p=8865"},"modified":"2025-07-16T22:06:11","modified_gmt":"2025-07-16T20:06:11","slug":"gute-nacht-2","status":"publish","type":"post","link":"https:\/\/www.chamannajenatsch.ch\/en\/2025\/07\/16\/gute-nacht-2\/","title":{"rendered":"Gute Nacht"},"content":{"rendered":"<p>Oh ich bin schon wieder sp\u00e4t dran. Heute Morgen bin ich nach dem H\u00fcttenputz zum Gletscherseeli vom Vadret d&#8217;Err. Ende Saison hat er ja meistens kein Wasser mehr, und da es \u00fcberall recht trocken ist, dachte ich, ich muss mich sputen. Es hat aber noch recht viel Wasser drin und so konnte ich eine Runde schwimmen gehen, obwohl es wettertechnisch jetzt nicht sooo toll war heute und auch relativ windig. Aber das kalten Wasser ist richtig gut! Man ist wirklich erfrischt nachher und wach \ud83d\ude09 Und wenn man rauskommt ist es gef\u00fchlt sowieso warm. <\/p>\n\n\n\n<p>Auch J\u00e9r\u00f4me und Sebastian waren noch draussen, Dani auch aber leider nicht zur Pause sondern zum Schaufeln. Die Turbine war bereits wieder verstopft und da die Sonne auch nicht ganz so fleissig scheint, ist unsere Batterie nicht so voll gewesen wie wir es w\u00fcnschen. Nun aber alles wieder behoben \ud83d\ude09 <\/p>\n\n\n\n<p>Und nun auch Zeit f\u00fcrs Bett, gute Nacht meine Lieben!<\/p>","protected":false},"excerpt":{"rendered":"<p>Oh ich bin schon wieder sp\u00e4t dran. Heute Morgen bin ich nach dem H\u00fcttenputz zum Gletscherseeli vom Vadret d&#8217;Err. Ende Saison hat er ja meistens kein Wasser mehr, und da es \u00fcberall recht trocken ist, dachte ich, ich muss mich<\/p>","protected":false},"author":1,"featured_media":0,"comment_status":"closed","ping_status":"closed","sticky":false,"template":"","format":"standard","meta":{"inline_featured_image":false,"footnotes":""},"categories":[1],"tags":[],"class_list":["post-8865","post","type-post","status-publish","format-standard","hentry","category-allgemein"],"_links":{"self":[{"href":"https:\/\/www.chamannajenatsch.ch\/en\/wp-json\/wp\/v2\/posts\/8865","targetHints":{"allow":["GET"]}}],"collection":[{"href":"https:\/\/www.chamannajenatsch.ch\/en\/wp-json\/wp\/v2\/posts"}],"about":[{"href":"https:\/\/www.chamannajenatsch.ch\/en\/wp-json\/wp\/v2\/types\/post"}],"author":[{"embeddable":true,"href":"https:\/\/www.chamannajenatsch.ch\/en\/wp-json\/wp\/v2\/users\/1"}],"replies":[{"embeddable":true,"href":"https:\/\/www.chamannajenatsch.ch\/en\/wp-json\/wp\/v2\/comments?post=8865"}],"version-history":[{"count":1,"href":"https:\/\/www.chamannajenatsch.ch\/en\/wp-json\/wp\/v2\/posts\/8865\/revisions"}],"predecessor-version":[{"id":8866,"href":"https:\/\/www.chamannajenatsch.ch\/en\/wp-json\/wp\/v2\/posts\/8865\/revisions\/8866"}],"wp:attachment":[{"href":"https:\/\/www.chamannajenatsch.ch\/en\/wp-json\/wp\/v2\/media?parent=8865"}],"wp:term":[{"taxonomy":"category","embeddable":true,"href":"https:\/\/www.chamannajenatsch.ch\/en\/wp-json\/wp\/v2\/categories?post=8865"},{"taxonomy":"post_tag","embeddable":true,"href":"https:\/\/www.chamannajenatsch.ch\/en\/wp-json\/wp\/v2\/tags?post=8865"}],"curies":[{"name":"wp","href":"https:\/\/api.w.org\/{rel}","templated":true}]}}