{"id":8867,"date":"2025-07-17T17:39:33","date_gmt":"2025-07-17T15:39:33","guid":{"rendered":"https:\/\/www.chamannajenatsch.ch\/?p=8867"},"modified":"2025-07-17T17:39:36","modified_gmt":"2025-07-17T15:39:36","slug":"windy","status":"publish","type":"post","link":"https:\/\/www.chamannajenatsch.ch\/en\/2025\/07\/17\/windy\/","title":{"rendered":"Windy"},"content":{"rendered":"<p>Uuuh heute ist es windig! Am Morgen war es noch bedeckt und es hat ein bisschen genieselt, aber p\u00fcnktlich zu unserem After-H\u00fcttenputz-Kaffee kam die Sonne und wir konnten draussen sitzen. Windgesch\u00fctzt und in der Sonne an der Hausfassade \ud83d\ude42 <\/p>\n\n\n\n<p>Dani ist dann zum Calderas-Gletschertor, J\u00e9r\u00f4me zum Agnel-Gletscherseeli und ich habe ein bisschen R\u00fccken\u00fcbungen gemacht (vorbeugend, nicht nachbeugend). Jetzt haben wir bereits auch schon etwas vorgebacken f\u00fcr die n\u00e4chsten zwei Tage, heute 40, morgen 55 und am Samstag Fullhouse \ud83d\ude42 Und morgen kommt auch noch Nachschub per Helibernina. Es wird uns also nicht langweilig \ud83d\ude09 <\/p>","protected":false},"excerpt":{"rendered":"<p>Uuuh heute ist es windig! Am Morgen war es noch bedeckt und es hat ein bisschen genieselt, aber p\u00fcnktlich zu unserem After-H\u00fcttenputz-Kaffee kam die Sonne und wir konnten draussen sitzen. Windgesch\u00fctzt und in der Sonne an der Hausfassade \ud83d\ude42 Dani<\/p>","protected":false},"author":1,"featured_media":0,"comment_status":"closed","ping_status":"closed","sticky":false,"template":"","format":"standard","meta":{"inline_featured_image":false,"footnotes":""},"categories":[1],"tags":[],"class_list":["post-8867","post","type-post","status-publish","format-standard","hentry","category-allgemein"],"_links":{"self":[{"href":"https:\/\/www.chamannajenatsch.ch\/en\/wp-json\/wp\/v2\/posts\/8867","targetHints":{"allow":["GET"]}}],"collection":[{"href":"https:\/\/www.chamannajenatsch.ch\/en\/wp-json\/wp\/v2\/posts"}],"about":[{"href":"https:\/\/www.chamannajenatsch.ch\/en\/wp-json\/wp\/v2\/types\/post"}],"author":[{"embeddable":true,"href":"https:\/\/www.chamannajenatsch.ch\/en\/wp-json\/wp\/v2\/users\/1"}],"replies":[{"embeddable":true,"href":"https:\/\/www.chamannajenatsch.ch\/en\/wp-json\/wp\/v2\/comments?post=8867"}],"version-history":[{"count":1,"href":"https:\/\/www.chamannajenatsch.ch\/en\/wp-json\/wp\/v2\/posts\/8867\/revisions"}],"predecessor-version":[{"id":8868,"href":"https:\/\/www.chamannajenatsch.ch\/en\/wp-json\/wp\/v2\/posts\/8867\/revisions\/8868"}],"wp:attachment":[{"href":"https:\/\/www.chamannajenatsch.ch\/en\/wp-json\/wp\/v2\/media?parent=8867"}],"wp:term":[{"taxonomy":"category","embeddable":true,"href":"https:\/\/www.chamannajenatsch.ch\/en\/wp-json\/wp\/v2\/categories?post=8867"},{"taxonomy":"post_tag","embeddable":true,"href":"https:\/\/www.chamannajenatsch.ch\/en\/wp-json\/wp\/v2\/tags?post=8867"}],"curies":[{"name":"wp","href":"https:\/\/api.w.org\/{rel}","templated":true}]}}