{"id":8874,"date":"2025-07-20T18:06:04","date_gmt":"2025-07-20T16:06:04","guid":{"rendered":"https:\/\/www.chamannajenatsch.ch\/?p=8874"},"modified":"2025-07-20T18:06:07","modified_gmt":"2025-07-20T16:06:07","slug":"ausflug-besuch-und-fullhouse","status":"publish","type":"post","link":"https:\/\/www.chamannajenatsch.ch\/en\/2025\/07\/20\/ausflug-besuch-und-fullhouse\/","title":{"rendered":"Ausflug, Besuch und Fullhouse"},"content":{"rendered":"<p>Gestern waren Andrea und Simon zu Besuch, und so ging das Tagebuch unter. Wir haben uns ja wieder l\u00e4nger nicht gesehen und sowieso gibt es mit den beiden immer viel zu lachen und eine gute Stimmung in der K\u00fcche. Die Stube war auch gut gef\u00fcllt, obwohl es im letzten Moment dann leider doch auch noch ein paar Abmeldungen gab. <\/p>\n\n\n\n<p>Da wir gestern zu F\u00fcnft waren, hab ich mir am Morgen eine kleine Auszeit geg\u00f6nnt und war auf der Cresta Jenatsch unterwegs. Es ist einfach sooo sch\u00f6n dort oben. Ich habe gebadet und ausser zwei Gruppen Steingeissen mit Kitz wie immer niemanden begegnet w\u00e4hrend den 3 Stunden. Richtig gut! Obwohl es immer ein Abw\u00e4gen ist, einerseits hat man dann zwar einen frischen Kopf, anderseit hat man aber auch schon einiges in den Beinen wenn man zur\u00fcck in der K\u00fcche ist. Und dann ja nicht Pause hat, sondern anf\u00e4ngt mit Arbeiten. Nuje \ud83d\ude09 So haben ich auf jeden Fall dann gut geschlafen \ud83d\ude09<\/p>\n\n\n\n<p>Am Morgen hat uns Sebastian nun verlassen, er hat diese Woche frei und besucht einen Kollegen im Tessin. Da das Wetter morgen fr\u00fch nun wirklich nicht so toll aussieht, hat er sich bereits heute nach dem H\u00fcttenputz ins Tal aufgemacht und ist trocken angekommen. Genau wie usnere G\u00e4ste, die zumindest heute trocken zu uns gekommen sind. Und wer weiss, vielleicht kommt die Kaltfront ja \u00fcber Nacht und ist dann morgen wieder vorbei \ud83d\ude09<\/p>","protected":false},"excerpt":{"rendered":"<p>Gestern waren Andrea und Simon zu Besuch, und so ging das Tagebuch unter. Wir haben uns ja wieder l\u00e4nger nicht gesehen und sowieso gibt es mit den beiden immer viel zu lachen und eine gute Stimmung in der K\u00fcche. Die<\/p>","protected":false},"author":1,"featured_media":0,"comment_status":"closed","ping_status":"closed","sticky":false,"template":"","format":"standard","meta":{"inline_featured_image":false,"footnotes":""},"categories":[1],"tags":[],"class_list":["post-8874","post","type-post","status-publish","format-standard","hentry","category-allgemein"],"_links":{"self":[{"href":"https:\/\/www.chamannajenatsch.ch\/en\/wp-json\/wp\/v2\/posts\/8874","targetHints":{"allow":["GET"]}}],"collection":[{"href":"https:\/\/www.chamannajenatsch.ch\/en\/wp-json\/wp\/v2\/posts"}],"about":[{"href":"https:\/\/www.chamannajenatsch.ch\/en\/wp-json\/wp\/v2\/types\/post"}],"author":[{"embeddable":true,"href":"https:\/\/www.chamannajenatsch.ch\/en\/wp-json\/wp\/v2\/users\/1"}],"replies":[{"embeddable":true,"href":"https:\/\/www.chamannajenatsch.ch\/en\/wp-json\/wp\/v2\/comments?post=8874"}],"version-history":[{"count":1,"href":"https:\/\/www.chamannajenatsch.ch\/en\/wp-json\/wp\/v2\/posts\/8874\/revisions"}],"predecessor-version":[{"id":8875,"href":"https:\/\/www.chamannajenatsch.ch\/en\/wp-json\/wp\/v2\/posts\/8874\/revisions\/8875"}],"wp:attachment":[{"href":"https:\/\/www.chamannajenatsch.ch\/en\/wp-json\/wp\/v2\/media?parent=8874"}],"wp:term":[{"taxonomy":"category","embeddable":true,"href":"https:\/\/www.chamannajenatsch.ch\/en\/wp-json\/wp\/v2\/categories?post=8874"},{"taxonomy":"post_tag","embeddable":true,"href":"https:\/\/www.chamannajenatsch.ch\/en\/wp-json\/wp\/v2\/tags?post=8874"}],"curies":[{"name":"wp","href":"https:\/\/api.w.org\/{rel}","templated":true}]}}