{"id":8937,"date":"2025-08-15T16:36:57","date_gmt":"2025-08-15T14:36:57","guid":{"rendered":"https:\/\/www.chamannajenatsch.ch\/?p=8937"},"modified":"2025-08-15T16:37:00","modified_gmt":"2025-08-15T14:37:00","slug":"auf-der-suche-nach-gletschereis","status":"publish","type":"post","link":"https:\/\/www.chamannajenatsch.ch\/en\/2025\/08\/15\/auf-der-suche-nach-gletschereis\/","title":{"rendered":"Auf der Suche nach Gletschereis"},"content":{"rendered":"<p>Heute Morgen haben Luis und ich nochmals ein bisschen frei gemacht und wollten eigentlich im Gletscherseeli vom Vadret Err baden gehen. Bereits im Aufstieg hat es aber etwas muffig gerochen, und ja, das Seeli ist fast ausgetrocknet und der Schlamm der zur\u00fcck geblieben ist, stinkt halt ein bisschen. Wir sind dann noch ein bisschen weiter und haben noch ein Rest Toteis gefunden unter einem Haufen Schutt. Es hatte noch eine kleine Br\u00fccke und einen kleinen Tunnel, bei dem wir durchkriechen konnten. Es ist also wirklich nur noch ein ganz kleines St\u00fcck Eis, aber wir hatten trotzdem unseren Spass \ud83d\ude42 <br>Auf dem R\u00fcckweg sind wir dann etwas weiter im Bogen zur\u00fcckgelaufen, und da hat es doch noch ein kleines Seeli mit einem Auslauf zu dem Wasserfall, den wir auch von der H\u00fctte aus sehen. Dort konnten wir dann doch noch baden gehen, ich im See, und Luis im Bach, ja es war kalt, aber es hat auch coole Fotos gegeben f\u00fcr Luis mit dem Bianco Grat im Hintergrund \ud83d\ude09 <br>Viele Tagesg\u00e4ste hatten wir heute nicht, und somit hatten Basti und J\u00e9r\u00f4me auch nicht zu stressig in der H\u00fctte. Wir haben dann zusammen Zmittag gegessen und die beiden haben dann am Nachmittag auch noch frei gemacht. Jetzt ist auch Dani auf dem Weg hoch und dann sind wir zu F\u00fcnft. <br><\/p>","protected":false},"excerpt":{"rendered":"<p>Heute Morgen haben Luis und ich nochmals ein bisschen frei gemacht und wollten eigentlich im Gletscherseeli vom Vadret Err baden gehen. Bereits im Aufstieg hat es aber etwas muffig gerochen, und ja, das Seeli ist fast ausgetrocknet und der Schlamm<\/p>","protected":false},"author":1,"featured_media":0,"comment_status":"closed","ping_status":"closed","sticky":false,"template":"","format":"standard","meta":{"inline_featured_image":false,"footnotes":""},"categories":[1],"tags":[],"class_list":["post-8937","post","type-post","status-publish","format-standard","hentry","category-allgemein"],"_links":{"self":[{"href":"https:\/\/www.chamannajenatsch.ch\/en\/wp-json\/wp\/v2\/posts\/8937","targetHints":{"allow":["GET"]}}],"collection":[{"href":"https:\/\/www.chamannajenatsch.ch\/en\/wp-json\/wp\/v2\/posts"}],"about":[{"href":"https:\/\/www.chamannajenatsch.ch\/en\/wp-json\/wp\/v2\/types\/post"}],"author":[{"embeddable":true,"href":"https:\/\/www.chamannajenatsch.ch\/en\/wp-json\/wp\/v2\/users\/1"}],"replies":[{"embeddable":true,"href":"https:\/\/www.chamannajenatsch.ch\/en\/wp-json\/wp\/v2\/comments?post=8937"}],"version-history":[{"count":1,"href":"https:\/\/www.chamannajenatsch.ch\/en\/wp-json\/wp\/v2\/posts\/8937\/revisions"}],"predecessor-version":[{"id":8938,"href":"https:\/\/www.chamannajenatsch.ch\/en\/wp-json\/wp\/v2\/posts\/8937\/revisions\/8938"}],"wp:attachment":[{"href":"https:\/\/www.chamannajenatsch.ch\/en\/wp-json\/wp\/v2\/media?parent=8937"}],"wp:term":[{"taxonomy":"category","embeddable":true,"href":"https:\/\/www.chamannajenatsch.ch\/en\/wp-json\/wp\/v2\/categories?post=8937"},{"taxonomy":"post_tag","embeddable":true,"href":"https:\/\/www.chamannajenatsch.ch\/en\/wp-json\/wp\/v2\/tags?post=8937"}],"curies":[{"name":"wp","href":"https:\/\/api.w.org\/{rel}","templated":true}]}}