{"id":9004,"date":"2025-09-07T17:46:37","date_gmt":"2025-09-07T15:46:37","guid":{"rendered":"https:\/\/www.chamannajenatsch.ch\/?p=9004"},"modified":"2025-09-07T17:46:40","modified_gmt":"2025-09-07T15:46:40","slug":"byebye-sommer","status":"publish","type":"post","link":"https:\/\/www.chamannajenatsch.ch\/en\/2025\/09\/07\/byebye-sommer\/","title":{"rendered":"Byebye Sommer"},"content":{"rendered":"<p>Heute Morgen hat Anna uns verlassen und somit ist der Sommer gef\u00fchlt wie &#8222;richtig&#8220; vorbei. Danke Anna! Und bis bald \ud83d\ude09 Es war super mit dir \ud83d\ude42 <br>Ja unser ganzes Sommerteam ist nun wieder im Tal, und es ist ein bisschen wie ein Schlussstrich unter die Hochsaison und den Sommer. Anna und J\u00e9r\u00f4me sind bald wieder bei ihrem Studium und Basti auf Wanderung. Der Herbst mit Nici ist ja schon Tradition und wir freuen uns nun auf diese Wochen mit ihr \ud83d\ude42 <\/p>\n\n\n\n<p>Ja, ein weiterer Indikator f\u00fcr den Herbst ist die Jagdsaison. Diese Woche war die erste Woche und Jachen hat gestern eine Gemse geschossen \ud83d\ude42 Die Jagd geh\u00f6rt dazu hier in den Bergen und wir fiebern immer sowohl mit den Tieren als auch mit den J\u00e4gern mit. Die Tiere hatten auf jeden Fall alle ein sch\u00f6nes Leben.<\/p>\n\n\n\n<p>Heute ist es noch recht voll und wir sind mit knapp 50 G\u00e4sten zu Dritt etwas busy. Aber es ist ganz entspannt und Dani hat noch Zeit im Keller einiges zu erledigen und Nici und ich schmeissen die K\u00fcche \ud83d\ude09 <\/p>","protected":false},"excerpt":{"rendered":"<p>Heute Morgen hat Anna uns verlassen und somit ist der Sommer gef\u00fchlt wie &#8222;richtig&#8220; vorbei. Danke Anna! Und bis bald \ud83d\ude09 Es war super mit dir \ud83d\ude42 Ja unser ganzes Sommerteam ist nun wieder im Tal, und es ist ein<\/p>","protected":false},"author":1,"featured_media":0,"comment_status":"closed","ping_status":"closed","sticky":false,"template":"","format":"standard","meta":{"inline_featured_image":false,"footnotes":""},"categories":[1],"tags":[],"class_list":["post-9004","post","type-post","status-publish","format-standard","hentry","category-allgemein"],"_links":{"self":[{"href":"https:\/\/www.chamannajenatsch.ch\/en\/wp-json\/wp\/v2\/posts\/9004","targetHints":{"allow":["GET"]}}],"collection":[{"href":"https:\/\/www.chamannajenatsch.ch\/en\/wp-json\/wp\/v2\/posts"}],"about":[{"href":"https:\/\/www.chamannajenatsch.ch\/en\/wp-json\/wp\/v2\/types\/post"}],"author":[{"embeddable":true,"href":"https:\/\/www.chamannajenatsch.ch\/en\/wp-json\/wp\/v2\/users\/1"}],"replies":[{"embeddable":true,"href":"https:\/\/www.chamannajenatsch.ch\/en\/wp-json\/wp\/v2\/comments?post=9004"}],"version-history":[{"count":1,"href":"https:\/\/www.chamannajenatsch.ch\/en\/wp-json\/wp\/v2\/posts\/9004\/revisions"}],"predecessor-version":[{"id":9005,"href":"https:\/\/www.chamannajenatsch.ch\/en\/wp-json\/wp\/v2\/posts\/9004\/revisions\/9005"}],"wp:attachment":[{"href":"https:\/\/www.chamannajenatsch.ch\/en\/wp-json\/wp\/v2\/media?parent=9004"}],"wp:term":[{"taxonomy":"category","embeddable":true,"href":"https:\/\/www.chamannajenatsch.ch\/en\/wp-json\/wp\/v2\/categories?post=9004"},{"taxonomy":"post_tag","embeddable":true,"href":"https:\/\/www.chamannajenatsch.ch\/en\/wp-json\/wp\/v2\/tags?post=9004"}],"curies":[{"name":"wp","href":"https:\/\/api.w.org\/{rel}","templated":true}]}}