{"id":9006,"date":"2025-09-08T21:06:59","date_gmt":"2025-09-08T19:06:59","guid":{"rendered":"https:\/\/www.chamannajenatsch.ch\/?p=9006"},"modified":"2025-09-08T21:07:32","modified_gmt":"2025-09-08T19:07:32","slug":"die-penne","status":"publish","type":"post","link":"https:\/\/www.chamannajenatsch.ch\/en\/2025\/09\/08\/die-penne\/","title":{"rendered":"Die Penne"},"content":{"rendered":"<p>Heute haben wir nochmals 27 G\u00e4ste zur \u00dcbernachtung bei uns. Tags\u00fcber war es aber sehr ruhig, und bis auf zwei Wissenschaftler, die den Vadret Calderas vermessen haben und zum Z&#8217;Vieri bei uns auf Kaffee Kuchen waren, haben wir niemand gesehen tags\u00fcber. Wir hatten eine Weile am H\u00fcttenputz zu Dritt und haben dann aber wirklich eine gem\u00fctliche Zeit bei Cappuccino auf der Terrasse verbracht. Dies Sonne kam teilweise durch die Wolken und es war super angenehm zum Sitzen und pl\u00e4uderle. <\/p>\n\n\n\n<p>Wir haben auch angefangen mit Waschen&#8230; Ja Herbststart = Waschsaison. Es wird Zeit langsam die Lager zu waschen nach der Hochsaison und wir waren ganz fleissig und ein Lager haben wir heute ganz gewaschen \ud83d\ude42 W\u00e4hrenddessen hat Dani im Keller aufger\u00e4umt, die Abfallentsorgung und Vorbereitung f\u00fcr die Retouren ins Tal braucht immer eine ganze Weile Zeit. Die HeliBernina entsorgt uns ja dann immer Abfall, PET, Altmetall und Altglas im Tal und die Lieferanten kommen die leeren Gasflaschen und Harassen abholen. Es muss dann aber alles sch\u00f6n verpackt und angeschrieben sein, damit es im richtigen Container landet und wir auch unser Depot f\u00fcr das Leergut bekommen und nicht auf einmal eine andere H\u00fctte \ud83d\ude09 <\/p>\n\n\n\n<p>Und noch zum Schluss: Die Penne schlafen am liebsten in der K\u00fcche! <br><br>Erl\u00e4rung: Wir nehmen momentan immer wieder zu viel Penne hoch vom Trockenraum und die bleiben dann in der K\u00fcche liegen, da wir sie erst am Morgen wieder versorgen wenn im Trockenraum keine Kleider mehr h\u00e4ngen. Ja, die schlafen dann in der K\u00fcche. Jaja, uns gehts gut, keine Angst \ud83d\ude09 <\/p>","protected":false},"excerpt":{"rendered":"<p>Heute haben wir nochmals 27 G\u00e4ste zur \u00dcbernachtung bei uns. Tags\u00fcber war es aber sehr ruhig, und bis auf zwei Wissenschaftler, die den Vadret Calderas vermessen haben und zum Z&#8217;Vieri bei uns auf Kaffee Kuchen waren, haben wir niemand gesehen<\/p>","protected":false},"author":1,"featured_media":0,"comment_status":"closed","ping_status":"closed","sticky":false,"template":"","format":"standard","meta":{"inline_featured_image":false,"footnotes":""},"categories":[1],"tags":[],"class_list":["post-9006","post","type-post","status-publish","format-standard","hentry","category-allgemein"],"_links":{"self":[{"href":"https:\/\/www.chamannajenatsch.ch\/en\/wp-json\/wp\/v2\/posts\/9006","targetHints":{"allow":["GET"]}}],"collection":[{"href":"https:\/\/www.chamannajenatsch.ch\/en\/wp-json\/wp\/v2\/posts"}],"about":[{"href":"https:\/\/www.chamannajenatsch.ch\/en\/wp-json\/wp\/v2\/types\/post"}],"author":[{"embeddable":true,"href":"https:\/\/www.chamannajenatsch.ch\/en\/wp-json\/wp\/v2\/users\/1"}],"replies":[{"embeddable":true,"href":"https:\/\/www.chamannajenatsch.ch\/en\/wp-json\/wp\/v2\/comments?post=9006"}],"version-history":[{"count":1,"href":"https:\/\/www.chamannajenatsch.ch\/en\/wp-json\/wp\/v2\/posts\/9006\/revisions"}],"predecessor-version":[{"id":9007,"href":"https:\/\/www.chamannajenatsch.ch\/en\/wp-json\/wp\/v2\/posts\/9006\/revisions\/9007"}],"wp:attachment":[{"href":"https:\/\/www.chamannajenatsch.ch\/en\/wp-json\/wp\/v2\/media?parent=9006"}],"wp:term":[{"taxonomy":"category","embeddable":true,"href":"https:\/\/www.chamannajenatsch.ch\/en\/wp-json\/wp\/v2\/categories?post=9006"},{"taxonomy":"post_tag","embeddable":true,"href":"https:\/\/www.chamannajenatsch.ch\/en\/wp-json\/wp\/v2\/tags?post=9006"}],"curies":[{"name":"wp","href":"https:\/\/api.w.org\/{rel}","templated":true}]}}