{"id":9008,"date":"2025-09-10T22:30:55","date_gmt":"2025-09-10T20:30:55","guid":{"rendered":"https:\/\/www.chamannajenatsch.ch\/?p=9008"},"modified":"2025-09-10T22:30:58","modified_gmt":"2025-09-10T20:30:58","slug":"regen-und-nebel","status":"publish","type":"post","link":"https:\/\/www.chamannajenatsch.ch\/en\/2025\/09\/10\/regen-und-nebel\/","title":{"rendered":"Regen und Nebel"},"content":{"rendered":"<p>Unsere Aussicht war diese Tage leicht getr\u00fcbt, es war regnerisch und neblig. G\u00e4ste haben wir wenig gesehen, blauen Himmel auch wenig, nur B\u00f6ckli haben wir viele gesehen. Die sind momentan ganz treu rund um die H\u00fctte und erfreuen uns und die paar G\u00e4ste die zu Besuch sind. <\/p>\n\n\n\n<p>Wir haben es teilweise gem\u00fctlich genommen, aber auch ganz sch\u00f6n viel gearbeitet. Sirup gekocht und Hummus gemacht, zwei ganze Lager gewaschen und bereits teilweise wieder bezogen, Ingwersch\u00f6ggeli und Kuchen gemacht, Keller abgedichtet, und so weiter und so fort. <\/p>\n\n\n\n<p>Morgen fr\u00fch wollen wir einen kleinen Ausflug machen. Zwischen Piz Surgonda und Traunter Ovas gibt es jetzt wohl zwei Seeli, einen blauen und einen gelben. Das haben uns zwei G\u00e4ste letzte Woche berichtet und es sei mega toll. Das m\u00fcssen wir uns anschauen gehen \ud83d\ude09 Dann kommt morgen auch noch Regula hoch um uns zwei Wochen zu unterst\u00fctzen und die HeliBernina bringt uns auch noch Nachschub f\u00fcrs Weekend. Ich hoffe, dazwischen bleibt noch Zeit f\u00fcr ein Tagebuch, und sonst wisst ihr jetzt Bescheid und wir lesen uns am Freitag \ud83d\ude09<\/p>","protected":false},"excerpt":{"rendered":"<p>Unsere Aussicht war diese Tage leicht getr\u00fcbt, es war regnerisch und neblig. G\u00e4ste haben wir wenig gesehen, blauen Himmel auch wenig, nur B\u00f6ckli haben wir viele gesehen. Die sind momentan ganz treu rund um die H\u00fctte und erfreuen uns und<\/p>","protected":false},"author":1,"featured_media":0,"comment_status":"closed","ping_status":"closed","sticky":false,"template":"","format":"standard","meta":{"inline_featured_image":false,"footnotes":""},"categories":[1],"tags":[],"class_list":["post-9008","post","type-post","status-publish","format-standard","hentry","category-allgemein"],"_links":{"self":[{"href":"https:\/\/www.chamannajenatsch.ch\/en\/wp-json\/wp\/v2\/posts\/9008","targetHints":{"allow":["GET"]}}],"collection":[{"href":"https:\/\/www.chamannajenatsch.ch\/en\/wp-json\/wp\/v2\/posts"}],"about":[{"href":"https:\/\/www.chamannajenatsch.ch\/en\/wp-json\/wp\/v2\/types\/post"}],"author":[{"embeddable":true,"href":"https:\/\/www.chamannajenatsch.ch\/en\/wp-json\/wp\/v2\/users\/1"}],"replies":[{"embeddable":true,"href":"https:\/\/www.chamannajenatsch.ch\/en\/wp-json\/wp\/v2\/comments?post=9008"}],"version-history":[{"count":1,"href":"https:\/\/www.chamannajenatsch.ch\/en\/wp-json\/wp\/v2\/posts\/9008\/revisions"}],"predecessor-version":[{"id":9009,"href":"https:\/\/www.chamannajenatsch.ch\/en\/wp-json\/wp\/v2\/posts\/9008\/revisions\/9009"}],"wp:attachment":[{"href":"https:\/\/www.chamannajenatsch.ch\/en\/wp-json\/wp\/v2\/media?parent=9008"}],"wp:term":[{"taxonomy":"category","embeddable":true,"href":"https:\/\/www.chamannajenatsch.ch\/en\/wp-json\/wp\/v2\/categories?post=9008"},{"taxonomy":"post_tag","embeddable":true,"href":"https:\/\/www.chamannajenatsch.ch\/en\/wp-json\/wp\/v2\/tags?post=9008"}],"curies":[{"name":"wp","href":"https:\/\/api.w.org\/{rel}","templated":true}]}}