{"id":9099,"date":"2025-09-30T21:01:13","date_gmt":"2025-09-30T19:01:13","guid":{"rendered":"https:\/\/www.chamannajenatsch.ch\/?p=9099"},"modified":"2025-09-30T21:01:31","modified_gmt":"2025-09-30T19:01:31","slug":"richtung-saisonende","status":"publish","type":"post","link":"https:\/\/www.chamannajenatsch.ch\/en\/2025\/09\/30\/richtung-saisonende\/","title":{"rendered":"Unterwegs Richtung Saisonende"},"content":{"rendered":"<p>Gestern war nochmals ein strahlend sch\u00f6ner Tag. Wir haben es am Morgen gem\u00fctlich genommen, gefr\u00fchst\u00fcckt mit unserem Besuch und nachher auch noch Kaffee getrunken auf der Terrasse. Wir haben dann nachher auch noch ein bisschen gesonnt und ein bisschen W\u00e4sche gemacht. Dani war bei der Wasserfassung und hat schon mal auf Winterbetrieb umgestellt. Es ist zwar noch nicht ganz parat, aber die Leitungen sind frei und der Strom fliesst. Das ist schon mal der erste Schritt \ud83d\ude09<\/p>\n\n\n\n<p>Andrea und S\u00f6ren waren gestern auch noch hier und somit hatten wir nochmals eine lustige Runde in der K\u00fcche \ud83d\ude42 Heute morgen sind die beiden auch wieder ins Tal abgestiegen und wir hatten einen sehr ruhigen Tag, mit einem K\u00fcchenyoga, etwas B\u00fcroarbeit und sonst nicht allzuviel. Zwei Pappis mit drei Kindern sind unsere einzigen G\u00e4ste heute. Dank den Kindern hatten wir immerhin etwas Leben in der Bude \ud83d\ude09 <br>Ja, es geht jetzt schnell dem Saisonende zu, und wir erledigen noch dieses und jenes. Es ist komisch, weil es jetzt dann doch wieder schnell geht, aber wir freuen uns nat\u00fcrlich auch auf die Ferien. Die Men\u00fcplanung zielt momentan auf m\u00f6glichst gr\u00f6sster Verwertung dessen, was man nicht einkochen oder einfrieren kann, in Kombination mit dem fast leeren Gem\u00fcseregal. Heute gabs Randensuppe (ja, fancy Farbe und feines Geschmack!), Rosmarinkartoffeln aus dem Backofen, gef\u00fcllte Cervelat, \u00fcberbackener Fenchel und Buttererbsli und als Dessert Nektarinencreme. Also nicht so schlecht w\u00fcrde ich meinen \ud83d\ude09<\/p>","protected":false},"excerpt":{"rendered":"<p>Gestern war nochmals ein strahlend sch\u00f6ner Tag. Wir haben es am Morgen gem\u00fctlich genommen, gefr\u00fchst\u00fcckt mit unserem Besuch und nachher auch noch Kaffee getrunken auf der Terrasse. Wir haben dann nachher auch noch ein bisschen gesonnt und ein bisschen W\u00e4sche<\/p>","protected":false},"author":1,"featured_media":0,"comment_status":"closed","ping_status":"closed","sticky":false,"template":"","format":"standard","meta":{"inline_featured_image":false,"footnotes":""},"categories":[1],"tags":[],"class_list":["post-9099","post","type-post","status-publish","format-standard","hentry","category-allgemein"],"_links":{"self":[{"href":"https:\/\/www.chamannajenatsch.ch\/en\/wp-json\/wp\/v2\/posts\/9099","targetHints":{"allow":["GET"]}}],"collection":[{"href":"https:\/\/www.chamannajenatsch.ch\/en\/wp-json\/wp\/v2\/posts"}],"about":[{"href":"https:\/\/www.chamannajenatsch.ch\/en\/wp-json\/wp\/v2\/types\/post"}],"author":[{"embeddable":true,"href":"https:\/\/www.chamannajenatsch.ch\/en\/wp-json\/wp\/v2\/users\/1"}],"replies":[{"embeddable":true,"href":"https:\/\/www.chamannajenatsch.ch\/en\/wp-json\/wp\/v2\/comments?post=9099"}],"version-history":[{"count":2,"href":"https:\/\/www.chamannajenatsch.ch\/en\/wp-json\/wp\/v2\/posts\/9099\/revisions"}],"predecessor-version":[{"id":9101,"href":"https:\/\/www.chamannajenatsch.ch\/en\/wp-json\/wp\/v2\/posts\/9099\/revisions\/9101"}],"wp:attachment":[{"href":"https:\/\/www.chamannajenatsch.ch\/en\/wp-json\/wp\/v2\/media?parent=9099"}],"wp:term":[{"taxonomy":"category","embeddable":true,"href":"https:\/\/www.chamannajenatsch.ch\/en\/wp-json\/wp\/v2\/categories?post=9099"},{"taxonomy":"post_tag","embeddable":true,"href":"https:\/\/www.chamannajenatsch.ch\/en\/wp-json\/wp\/v2\/tags?post=9099"}],"curies":[{"name":"wp","href":"https:\/\/api.w.org\/{rel}","templated":true}]}}