{"id":9213,"date":"2025-12-26T21:26:17","date_gmt":"2025-12-26T20:26:17","guid":{"rendered":"https:\/\/www.chamannajenatsch.ch\/?p=9213"},"modified":"2025-12-26T21:26:19","modified_gmt":"2025-12-26T20:26:19","slug":"die-ersten-gaeste","status":"publish","type":"post","link":"https:\/\/www.chamannajenatsch.ch\/en\/2025\/12\/26\/die-ersten-gaeste\/","title":{"rendered":"Die ersten G\u00e4ste"},"content":{"rendered":"<p>Heute haben wir die ersten 3 Winterg\u00e4ste empfangen d\u00fcrfen. Einer hat es ganz schlau gemacht, er ist mit den Ski hoch und mit dem Gleitschirm runter. Gar nicht so dumm bei diesen Verh\u00e4ltnissen! Wir waren am Morgen auch auf den Ski und sind nochmals Richtung Gletscherplateau Tschima da Flix. Wir waren nicht auf dem Gipfel, sondern auf dem kleine Gupf zwischen Calderas und Tschima, mit einer sch\u00f6nen, steilen Aussicht zur Alp Flix runter. Mal was anderes \ud83d\ude09 <br>Die Abfahrt hat uns dann ganz sch\u00f6n \u00fcberrascht! Die 5 cm Neuschnee von gestern haben Wunder gewirkt und es war auf dem Gletscher eine richtig gute Abfahrt. Und auch das untere St\u00fcck war grunds\u00e4tzlich ganz gut zu fahren, einfach mit der n\u00f6tigen Vorsicht und den offenen Augen um m\u00f6glichst viele der lauernden Haifische (unter der Wasseroberfl\u00e4che) zu entdecken. Aber mit je 1 kleinen Steinkontakt haben wir uns wieder ganz ordentlich durchgeschlagen \ud83d\ude42<\/p>\n\n\n\n<p>Zur\u00fcck bei der H\u00fctte konnten wir noch gem\u00fctlich Zmittag essen und s\u00f6nnele bevor der erste Gast angeflogen kam mit dem Gleitschirm. Und dann mussten wir doch noch ein bisschen Gas geben, auch f\u00fcr 3 G\u00e4ste muss man kochen und an Weihnachten soll es ja doch nicht nur 08-15 geben. Und irgendwie ging das mit der Churer Fleischtorte dann doch noch etwas l\u00e4nger, dazwischen immer wieder einfeuern in der K\u00fcche und der Stube, so dass wir noch fast in den Stress kamen \ud83d\ude09<\/p>\n\n\n\n<p>Nun sind die 3 im Bett und wir auch gleich. Morgen kommt dann Unterst\u00fctzung, Nici und C\u00e9lia mit Henry f\u00fcr eine Woche und Aurel und Deborah einfach f\u00fcr eine Nacht \ud83d\ude42 Yudihui wir freuen uns!<\/p>","protected":false},"excerpt":{"rendered":"<p>Heute haben wir die ersten 3 Winterg\u00e4ste empfangen d\u00fcrfen. Einer hat es ganz schlau gemacht, er ist mit den Ski hoch und mit dem Gleitschirm runter. Gar nicht so dumm bei diesen Verh\u00e4ltnissen! Wir waren am Morgen auch auf den<\/p>","protected":false},"author":1,"featured_media":0,"comment_status":"closed","ping_status":"closed","sticky":false,"template":"","format":"standard","meta":{"inline_featured_image":false,"footnotes":""},"categories":[1],"tags":[],"class_list":["post-9213","post","type-post","status-publish","format-standard","hentry","category-allgemein"],"_links":{"self":[{"href":"https:\/\/www.chamannajenatsch.ch\/en\/wp-json\/wp\/v2\/posts\/9213","targetHints":{"allow":["GET"]}}],"collection":[{"href":"https:\/\/www.chamannajenatsch.ch\/en\/wp-json\/wp\/v2\/posts"}],"about":[{"href":"https:\/\/www.chamannajenatsch.ch\/en\/wp-json\/wp\/v2\/types\/post"}],"author":[{"embeddable":true,"href":"https:\/\/www.chamannajenatsch.ch\/en\/wp-json\/wp\/v2\/users\/1"}],"replies":[{"embeddable":true,"href":"https:\/\/www.chamannajenatsch.ch\/en\/wp-json\/wp\/v2\/comments?post=9213"}],"version-history":[{"count":1,"href":"https:\/\/www.chamannajenatsch.ch\/en\/wp-json\/wp\/v2\/posts\/9213\/revisions"}],"predecessor-version":[{"id":9214,"href":"https:\/\/www.chamannajenatsch.ch\/en\/wp-json\/wp\/v2\/posts\/9213\/revisions\/9214"}],"wp:attachment":[{"href":"https:\/\/www.chamannajenatsch.ch\/en\/wp-json\/wp\/v2\/media?parent=9213"}],"wp:term":[{"taxonomy":"category","embeddable":true,"href":"https:\/\/www.chamannajenatsch.ch\/en\/wp-json\/wp\/v2\/categories?post=9213"},{"taxonomy":"post_tag","embeddable":true,"href":"https:\/\/www.chamannajenatsch.ch\/en\/wp-json\/wp\/v2\/tags?post=9213"}],"curies":[{"name":"wp","href":"https:\/\/api.w.org\/{rel}","templated":true}]}}