{"id":9332,"date":"2026-02-21T17:03:39","date_gmt":"2026-02-21T16:03:39","guid":{"rendered":"https:\/\/www.chamannajenatsch.ch\/?p=9332"},"modified":"2026-02-21T17:03:41","modified_gmt":"2026-02-21T16:03:41","slug":"gaeaeaeaeste","status":"publish","type":"post","link":"https:\/\/www.chamannajenatsch.ch\/en\/2026\/02\/21\/gaeaeaeaeste\/","title":{"rendered":"G\u00e4\u00e4\u00e4\u00e4ste!!!"},"content":{"rendered":"<p>Zwar nur zwei, aber immerhin! Die ersten Menschen seit Montag morgen hihi. Die beiden haben dem Sturm getrotzt, es war wohl ziemlich unangenehm draussen, aber irgendwie auch cool haben sie gemeint. Sie haben sich dann aber trotzdem sehr \u00fcber die warme Stube gefreut. Cappuccino und Nusstorte gabs auch noch f\u00fcr die beiden, das ist ja das sch\u00f6nst so nach einer Tour. Also besser w\u00e4ren vielleicht nur noch Zimtschnecken. Aber daf\u00fcr muss man in Norwegen Skitouren gehen \ud83d\ude09<\/p>\n\n\n\n<p>Ja, sonst haben wir heute noch die neuen Crocs einsortiert, Birk hat noch etwas Holz in die H\u00fctte geschleppt von draussen, Cookies gebacken, Dani und ich haben noch ein bisschen B\u00fcrozeugs erledigt, ein K\u00fcchenyoga gemacht und so geht der Tag wieder vorbei. <\/p>\n\n\n\n<p>Morgen soll nun die Sonne kommen, yuhuuu, da freuen wir uns jetzt schon drauf! Und dann wollen wir auch ein bisschen raus, mal schauen was unser Gletschertor so macht \ud83d\ude09<\/p>","protected":false},"excerpt":{"rendered":"<p>Zwar nur zwei, aber immerhin! Die ersten Menschen seit Montag morgen hihi. Die beiden haben dem Sturm getrotzt, es war wohl ziemlich unangenehm draussen, aber irgendwie auch cool haben sie gemeint. Sie haben sich dann aber trotzdem sehr \u00fcber die<\/p>","protected":false},"author":1,"featured_media":0,"comment_status":"closed","ping_status":"closed","sticky":false,"template":"","format":"standard","meta":{"inline_featured_image":false,"footnotes":""},"categories":[1],"tags":[],"class_list":["post-9332","post","type-post","status-publish","format-standard","hentry","category-allgemein"],"_links":{"self":[{"href":"https:\/\/www.chamannajenatsch.ch\/en\/wp-json\/wp\/v2\/posts\/9332","targetHints":{"allow":["GET"]}}],"collection":[{"href":"https:\/\/www.chamannajenatsch.ch\/en\/wp-json\/wp\/v2\/posts"}],"about":[{"href":"https:\/\/www.chamannajenatsch.ch\/en\/wp-json\/wp\/v2\/types\/post"}],"author":[{"embeddable":true,"href":"https:\/\/www.chamannajenatsch.ch\/en\/wp-json\/wp\/v2\/users\/1"}],"replies":[{"embeddable":true,"href":"https:\/\/www.chamannajenatsch.ch\/en\/wp-json\/wp\/v2\/comments?post=9332"}],"version-history":[{"count":1,"href":"https:\/\/www.chamannajenatsch.ch\/en\/wp-json\/wp\/v2\/posts\/9332\/revisions"}],"predecessor-version":[{"id":9333,"href":"https:\/\/www.chamannajenatsch.ch\/en\/wp-json\/wp\/v2\/posts\/9332\/revisions\/9333"}],"wp:attachment":[{"href":"https:\/\/www.chamannajenatsch.ch\/en\/wp-json\/wp\/v2\/media?parent=9332"}],"wp:term":[{"taxonomy":"category","embeddable":true,"href":"https:\/\/www.chamannajenatsch.ch\/en\/wp-json\/wp\/v2\/categories?post=9332"},{"taxonomy":"post_tag","embeddable":true,"href":"https:\/\/www.chamannajenatsch.ch\/en\/wp-json\/wp\/v2\/tags?post=9332"}],"curies":[{"name":"wp","href":"https:\/\/api.w.org\/{rel}","templated":true}]}}