{"id":9357,"date":"2026-02-23T20:33:12","date_gmt":"2026-02-23T19:33:12","guid":{"rendered":"https:\/\/www.chamannajenatsch.ch\/?p=9357"},"modified":"2026-02-23T20:33:14","modified_gmt":"2026-02-23T19:33:14","slug":"mucho-leute-p","status":"publish","type":"post","link":"https:\/\/www.chamannajenatsch.ch\/en\/2026\/02\/23\/mucho-leute-p\/","title":{"rendered":"Mucho Leute :-P"},"content":{"rendered":"<p>Yeaaah, 16 G\u00e4ste in der Stube! Das sind mehr Leute als wir in der ganzen letzten Woche zusammen gesehen haben \ud83d\ude09 <\/p>\n\n\n\n<p>Wir sind heute Morgen zusammen mit Birk bis zur Fuorcla d\u2019Agnel und er ist bis Ende Woche ins frei. Daf\u00fcr ist Remo zu uns hochgekommen. So sch\u00f6n \ud83d\ude42 Also mit Birk wars auch super, gar nichts gegen ihn. Wir haben uns sehr gut verstanden und freuen uns auch, wenn er wieder hochkommt \ud83d\ude42 Bis bald Birk und gute Tage im Tal! Aber Remo geh\u00f6rt halt zur Jenatschfamily und ein Wiedersehen mit Family ist halt was besonderes, insbesondere hier oben \ud83d\ude42<\/p>\n\n\n\n<p>Dann sind noch zwei Gruppen mit Bergf\u00fchrer hochgekommen heute. Es sind alle gut angekommen, aber es wurden auch noch wieder einige grosse Lawinen fernausgel\u00f6st. Der Zustieg vom Julierpass geht recht gut, aber eben, man muss sehr vorsichtig sein und allen gr\u00f6sseren und steileren H\u00e4ngen ausweichen. Da wir von einem der Bergf\u00fchrer wissen, wie gerne er Pizzoccheri hat wenn er zu Gast im B\u00fcndnerland ist, haben wir extra heute Pizzi gemacht, obwohl das sonst ja unser Men\u00fc f\u00fcr volle H\u00fctte ist.  Es war eine ganz komische Menge f\u00fcr so wenig Leute, wir haben das im Griff f\u00fcr 60-70 G\u00e4ste, nicht f\u00fcr 16 \ud83d\ude09 Aber daf\u00fcr gab es heute die gratinierte Variante und es haben sich alle gefreut! <\/p>","protected":false},"excerpt":{"rendered":"<p>Yeaaah, 16 G\u00e4ste in der Stube! Das sind mehr Leute als wir in der ganzen letzten Woche zusammen gesehen haben \ud83d\ude09 Wir sind heute Morgen zusammen mit Birk bis zur Fuorcla d\u2019Agnel und er ist bis Ende Woche ins frei.<\/p>","protected":false},"author":1,"featured_media":0,"comment_status":"closed","ping_status":"closed","sticky":false,"template":"","format":"standard","meta":{"inline_featured_image":false,"footnotes":""},"categories":[1],"tags":[],"class_list":["post-9357","post","type-post","status-publish","format-standard","hentry","category-allgemein"],"_links":{"self":[{"href":"https:\/\/www.chamannajenatsch.ch\/en\/wp-json\/wp\/v2\/posts\/9357","targetHints":{"allow":["GET"]}}],"collection":[{"href":"https:\/\/www.chamannajenatsch.ch\/en\/wp-json\/wp\/v2\/posts"}],"about":[{"href":"https:\/\/www.chamannajenatsch.ch\/en\/wp-json\/wp\/v2\/types\/post"}],"author":[{"embeddable":true,"href":"https:\/\/www.chamannajenatsch.ch\/en\/wp-json\/wp\/v2\/users\/1"}],"replies":[{"embeddable":true,"href":"https:\/\/www.chamannajenatsch.ch\/en\/wp-json\/wp\/v2\/comments?post=9357"}],"version-history":[{"count":1,"href":"https:\/\/www.chamannajenatsch.ch\/en\/wp-json\/wp\/v2\/posts\/9357\/revisions"}],"predecessor-version":[{"id":9358,"href":"https:\/\/www.chamannajenatsch.ch\/en\/wp-json\/wp\/v2\/posts\/9357\/revisions\/9358"}],"wp:attachment":[{"href":"https:\/\/www.chamannajenatsch.ch\/en\/wp-json\/wp\/v2\/media?parent=9357"}],"wp:term":[{"taxonomy":"category","embeddable":true,"href":"https:\/\/www.chamannajenatsch.ch\/en\/wp-json\/wp\/v2\/categories?post=9357"},{"taxonomy":"post_tag","embeddable":true,"href":"https:\/\/www.chamannajenatsch.ch\/en\/wp-json\/wp\/v2\/tags?post=9357"}],"curies":[{"name":"wp","href":"https:\/\/api.w.org\/{rel}","templated":true}]}}