{"id":9362,"date":"2026-02-24T16:35:42","date_gmt":"2026-02-24T15:35:42","guid":{"rendered":"https:\/\/www.chamannajenatsch.ch\/?p=9362"},"modified":"2026-02-24T16:38:05","modified_gmt":"2026-02-24T15:38:05","slug":"piz-jenatsch-pitchen","status":"publish","type":"post","link":"https:\/\/www.chamannajenatsch.ch\/en\/2026\/02\/24\/piz-jenatsch-pitchen\/","title":{"rendered":"Piz Jenatsch Pitschen"},"content":{"rendered":"<p>Unser H\u00fcttenhaufen wurde heute umgetauft! Zu Piz Jenatsch Pitschen. Das Wetter war heute wieder mal ziemlich gr\u00fcselig. Viel geschneit hat es nicht, aber viel gewindet. Immerhin hat es nicht geregnet, wie im Tal! Ein Bergf\u00fchrer, der mit einer Schneeschuhgruppe bei uns ist, hat dem Wetter getrotzt und ist zum Gletschertor und zum \u201cHuufe\u201d. Er fand den Namen \u201cH\u00fcttenhaufen\u201d aber nicht gerade berauschend und somit musste ein neuer Name her. \u201cPitschen\u201d heisst klein, und es gibt viele \u201cPiz xy Pitschen&#8220; als kleine Br\u00fcder der bekannten, grossen Gipfel. Wir haben nun also auch ein Piz Jenatsch Pitschen. Picuogl Pitschen w\u00e4re vielleicht passender gewesen, aber den Namen Picuogl kann sich nun mal niemand merken und aussprechen auch nicht und somit ist das auch nicht so praktisch \ud83d\ude09<\/p>\n\n\n\n<p>Ja, sonst haben wir heute nochmals 2 der Gruppen, die gestern bereits bei uns waren und wir hatten \u00fcber Mittag immerhin etwas zu tun mit ein bisschen Tagesgesch\u00e4ft \ud83d\ude42 Zudem ist Remo in seinem Element und kocht und backt wie verr\u00fcckt \ud83d\ude42 Dani repariert w\u00e4hrenddessen Luigi (der ist wiedermal undicht), mit Hilfe eines Gastes, der sich auskennt (Luigi-Doktor). Und ich bin am Laptop\u2026 B\u00fcro B\u00fcro\u2026 <\/p>\n\n\n\n<p>Morgen kommt dann definitiv die Sonne f\u00fcr ein paar Tage! Wir freuen uns bereits auf unsere Terrasse \ud83d\ude42 G\u00e4ste haben wir morgen leider keine, also haben wir vermutlich genug Zeit die Sonne zu geniessen. <\/p>","protected":false},"excerpt":{"rendered":"<p>Unser H\u00fcttenhaufen wurde heute umgetauft! Zu Piz Jenatsch Pitschen. Das Wetter war heute wieder mal ziemlich gr\u00fcselig. Viel geschneit hat es nicht, aber viel gewindet. Immerhin hat es nicht geregnet, wie im Tal! Ein Bergf\u00fchrer, der mit einer Schneeschuhgruppe bei<\/p>","protected":false},"author":1,"featured_media":0,"comment_status":"closed","ping_status":"closed","sticky":false,"template":"","format":"standard","meta":{"inline_featured_image":false,"footnotes":""},"categories":[1],"tags":[],"class_list":["post-9362","post","type-post","status-publish","format-standard","hentry","category-allgemein"],"_links":{"self":[{"href":"https:\/\/www.chamannajenatsch.ch\/en\/wp-json\/wp\/v2\/posts\/9362","targetHints":{"allow":["GET"]}}],"collection":[{"href":"https:\/\/www.chamannajenatsch.ch\/en\/wp-json\/wp\/v2\/posts"}],"about":[{"href":"https:\/\/www.chamannajenatsch.ch\/en\/wp-json\/wp\/v2\/types\/post"}],"author":[{"embeddable":true,"href":"https:\/\/www.chamannajenatsch.ch\/en\/wp-json\/wp\/v2\/users\/1"}],"replies":[{"embeddable":true,"href":"https:\/\/www.chamannajenatsch.ch\/en\/wp-json\/wp\/v2\/comments?post=9362"}],"version-history":[{"count":4,"href":"https:\/\/www.chamannajenatsch.ch\/en\/wp-json\/wp\/v2\/posts\/9362\/revisions"}],"predecessor-version":[{"id":9367,"href":"https:\/\/www.chamannajenatsch.ch\/en\/wp-json\/wp\/v2\/posts\/9362\/revisions\/9367"}],"wp:attachment":[{"href":"https:\/\/www.chamannajenatsch.ch\/en\/wp-json\/wp\/v2\/media?parent=9362"}],"wp:term":[{"taxonomy":"category","embeddable":true,"href":"https:\/\/www.chamannajenatsch.ch\/en\/wp-json\/wp\/v2\/categories?post=9362"},{"taxonomy":"post_tag","embeddable":true,"href":"https:\/\/www.chamannajenatsch.ch\/en\/wp-json\/wp\/v2\/tags?post=9362"}],"curies":[{"name":"wp","href":"https:\/\/api.w.org\/{rel}","templated":true}]}}