{"id":9490,"date":"2026-03-27T15:44:38","date_gmt":"2026-03-27T14:44:38","guid":{"rendered":"https:\/\/www.chamannajenatsch.ch\/?p=9490"},"modified":"2026-03-27T15:44:40","modified_gmt":"2026-03-27T14:44:40","slug":"ruhiger-als-erwuenscht","status":"publish","type":"post","link":"https:\/\/www.chamannajenatsch.ch\/en\/2026\/03\/27\/ruhiger-als-erwuenscht\/","title":{"rendered":"Ruhiger als erw\u00fcnscht"},"content":{"rendered":"<p>Eigentlich haben wir momentan ruhige Tage, aber sie vergehen, wie immer, trotzdem wie im Flug. Wenn am Morgen das Fr\u00fchst\u00fcck f\u00fcr die G\u00e4ste nicht um halb 7, sondern um halb 8 ist, hat man schon mal die erste Stunde des Tages \u201cverloren\u201d. Also nat\u00fcrlich hat man dadurch eine Stunde Schlaf gewonnen, und das ist sehr cool! Aber die Stunde \u201cfehlt\u201d nachher ein bisschen im Tagesverlauf. Zudem macht man ja dann ein bisschen gem\u00fctlicher, wir haben heute noch Nusstorte gebacken und wir mussten noch Bestellungen machen. Das wird je n\u00e4her das Saisonende kommt immer schwieriger, da man am Schluss ja nichts \u00fcber haben will und aber auch nicht zwischendurch wegen vergessenem Joghurt oder Eiern noch fliegen will. <\/p>\n\n\n\n<p>Von dem Fullhouse heute und morgen ist leider nur noch knapp die H\u00e4lfte \u00fcbrig, so dass wir uns dann heute Morgen entschieden haben, Birk frei zu geben \u00fcbers Weekend. Gl\u00fccklicherweise sind sowohl Birk als auch Jasmin sehr flexibel und verst\u00e4ndnisvoll, was die Herumschieberei angeht. Danke euch hierf\u00fcr! Deswegen, liebe G\u00e4ste, sind wir froh, wenn ihr nicht zu kurzfristig absagt. Weil wir dann auch unseren Mitarbeitern etwas fr\u00fcher Bescheid geben k\u00f6nnen, ob sie arbeiten m\u00fcssen oder frei haben. Die Anfahrt und er Zustieg ist f\u00fcr sie ja \u00e4hnlich lang wie f\u00fcr euch \ud83d\ude09<\/p>\n\n\n\n<p>Ja, wir sind also noch ein paar Tage zu Dritt mit Jasmin und hoffen, dass der Osterhase uns dann p\u00fcnktlich die Sonne zur\u00fcckbringt \ud83d\ude42<\/p>","protected":false},"excerpt":{"rendered":"<p>Eigentlich haben wir momentan ruhige Tage, aber sie vergehen, wie immer, trotzdem wie im Flug. Wenn am Morgen das Fr\u00fchst\u00fcck f\u00fcr die G\u00e4ste nicht um halb 7, sondern um halb 8 ist, hat man schon mal die erste Stunde des<\/p>","protected":false},"author":1,"featured_media":0,"comment_status":"closed","ping_status":"closed","sticky":false,"template":"","format":"standard","meta":{"inline_featured_image":false,"footnotes":""},"categories":[1],"tags":[],"class_list":["post-9490","post","type-post","status-publish","format-standard","hentry","category-allgemein"],"_links":{"self":[{"href":"https:\/\/www.chamannajenatsch.ch\/en\/wp-json\/wp\/v2\/posts\/9490","targetHints":{"allow":["GET"]}}],"collection":[{"href":"https:\/\/www.chamannajenatsch.ch\/en\/wp-json\/wp\/v2\/posts"}],"about":[{"href":"https:\/\/www.chamannajenatsch.ch\/en\/wp-json\/wp\/v2\/types\/post"}],"author":[{"embeddable":true,"href":"https:\/\/www.chamannajenatsch.ch\/en\/wp-json\/wp\/v2\/users\/1"}],"replies":[{"embeddable":true,"href":"https:\/\/www.chamannajenatsch.ch\/en\/wp-json\/wp\/v2\/comments?post=9490"}],"version-history":[{"count":1,"href":"https:\/\/www.chamannajenatsch.ch\/en\/wp-json\/wp\/v2\/posts\/9490\/revisions"}],"predecessor-version":[{"id":9491,"href":"https:\/\/www.chamannajenatsch.ch\/en\/wp-json\/wp\/v2\/posts\/9490\/revisions\/9491"}],"wp:attachment":[{"href":"https:\/\/www.chamannajenatsch.ch\/en\/wp-json\/wp\/v2\/media?parent=9490"}],"wp:term":[{"taxonomy":"category","embeddable":true,"href":"https:\/\/www.chamannajenatsch.ch\/en\/wp-json\/wp\/v2\/categories?post=9490"},{"taxonomy":"post_tag","embeddable":true,"href":"https:\/\/www.chamannajenatsch.ch\/en\/wp-json\/wp\/v2\/tags?post=9490"}],"curies":[{"name":"wp","href":"https:\/\/api.w.org\/{rel}","templated":true}]}}