{"id":9492,"date":"2026-03-28T16:46:10","date_gmt":"2026-03-28T15:46:10","guid":{"rendered":"https:\/\/www.chamannajenatsch.ch\/?p=9492"},"modified":"2026-03-28T16:46:12","modified_gmt":"2026-03-28T15:46:12","slug":"samstag-12","status":"publish","type":"post","link":"https:\/\/www.chamannajenatsch.ch\/en\/2026\/03\/28\/samstag-12\/","title":{"rendered":"Samstag"},"content":{"rendered":"<p>Samstag, Schnee, Traumwetter, aber leider doch nur halbvolle H\u00fctte. Gestern haben tats\u00e4chlich 2 Gruppen gedacht wir seien ausgebucht, dabei waren es nur 28 G\u00e4ste (von ca. 70 Betten). Jaja, bei voller H\u00fctte m\u00fcssen halt alle zusammenrutschen. Und ja, f\u00fcr die G\u00e4ste ist es so nat\u00fcrlich angenehmer, wenn es weniger voll ist. Aber f\u00fcr unser Portmonnaie, muss es halt eigentlich voll sein am Wochenende. Aber ruhig hat auch seine gute Seiten, wir haben heute wieder mal ein Terassenyoga gemacht und gesonnt. Wir sind beim Yoga zwar kurzzeitig fast davongeflogen (zumindest unsere Yogamatten). Aber es hat gut getan, auch wenns frisch war. Auch unser Zmittag draussen mussten wir gut festhalten (Brot mit selbergez\u00fcchteten Sprossen, vor allem die Sprossen). <\/p>\n\n\n\n<p>Tagesgesch\u00e4ft gab es wenig heute, da alle den sch\u00f6nen Tag m\u00f6glichst lange unterwegs gen\u00fctzt haben. Somit hatten wir auch noch einen ganz entspannten Nachmittag. Jetzt ist die Sonne weg draussen und es kommen alle rein. Lustigerweise ist heute unser H\u00fcttenkaffi super hoch im Kurs. Aber passt ja auch gut zum kalten Wetter. H\u00e4tte ich jetzt auch Lust hihi \ud83d\ude09 Aber wir waren ja nicht auf Skitour und haben uns keinen Berg Schlagrahm verdient. Und wir m\u00fcssen  nachher noch klar denken k\u00f6nnen. Heute ist n\u00e4mlich Zeitumstellung und dann gilt es wieder die richtige Zeit zum Fr\u00fchst\u00fcck zu kommunizieren und den Wecker richtig zu stellen f\u00fcr morgen fr\u00fch \ud83d\ude09<\/p>","protected":false},"excerpt":{"rendered":"<p>Samstag, Schnee, Traumwetter, aber leider doch nur halbvolle H\u00fctte. Gestern haben tats\u00e4chlich 2 Gruppen gedacht wir seien ausgebucht, dabei waren es nur 28 G\u00e4ste (von ca. 70 Betten). Jaja, bei voller H\u00fctte m\u00fcssen halt alle zusammenrutschen. Und ja, f\u00fcr die<\/p>","protected":false},"author":1,"featured_media":0,"comment_status":"closed","ping_status":"closed","sticky":false,"template":"","format":"standard","meta":{"inline_featured_image":false,"footnotes":""},"categories":[1],"tags":[],"class_list":["post-9492","post","type-post","status-publish","format-standard","hentry","category-allgemein"],"_links":{"self":[{"href":"https:\/\/www.chamannajenatsch.ch\/en\/wp-json\/wp\/v2\/posts\/9492","targetHints":{"allow":["GET"]}}],"collection":[{"href":"https:\/\/www.chamannajenatsch.ch\/en\/wp-json\/wp\/v2\/posts"}],"about":[{"href":"https:\/\/www.chamannajenatsch.ch\/en\/wp-json\/wp\/v2\/types\/post"}],"author":[{"embeddable":true,"href":"https:\/\/www.chamannajenatsch.ch\/en\/wp-json\/wp\/v2\/users\/1"}],"replies":[{"embeddable":true,"href":"https:\/\/www.chamannajenatsch.ch\/en\/wp-json\/wp\/v2\/comments?post=9492"}],"version-history":[{"count":1,"href":"https:\/\/www.chamannajenatsch.ch\/en\/wp-json\/wp\/v2\/posts\/9492\/revisions"}],"predecessor-version":[{"id":9493,"href":"https:\/\/www.chamannajenatsch.ch\/en\/wp-json\/wp\/v2\/posts\/9492\/revisions\/9493"}],"wp:attachment":[{"href":"https:\/\/www.chamannajenatsch.ch\/en\/wp-json\/wp\/v2\/media?parent=9492"}],"wp:term":[{"taxonomy":"category","embeddable":true,"href":"https:\/\/www.chamannajenatsch.ch\/en\/wp-json\/wp\/v2\/categories?post=9492"},{"taxonomy":"post_tag","embeddable":true,"href":"https:\/\/www.chamannajenatsch.ch\/en\/wp-json\/wp\/v2\/tags?post=9492"}],"curies":[{"name":"wp","href":"https:\/\/api.w.org\/{rel}","templated":true}]}}