{"id":9526,"date":"2026-04-01T18:43:37","date_gmt":"2026-04-01T16:43:37","guid":{"rendered":"https:\/\/www.chamannajenatsch.ch\/?p=9526"},"modified":"2026-04-01T18:43:39","modified_gmt":"2026-04-01T16:43:39","slug":"best-powder","status":"publish","type":"post","link":"https:\/\/www.chamannajenatsch.ch\/en\/2026\/04\/01\/best-powder\/","title":{"rendered":"Best Powder"},"content":{"rendered":"<p>Heute Morgen haben wir bei Traumwetter wieder mal den Piz Jenatsch Pitchen besucht \ud83d\ude42 Wir dachten ja eigentlich, dass das Wetter sich noch etwas verhalten zeigen w\u00fcrde, aber gar nicht! Es war richtig sch\u00f6n, und auch gar nicht so kalt wie gedacht. Erste Spur, perfekter Pulver, Sonne, was will man mehr. <\/p>\n\n\n\n<p>Die ersten G\u00e4ste haben heute auch vom Julierpass zu uns gespurt und das ging ganz gut. Was uns ein bisschen \u00e4rgert: warum stornieren bereits wieder so viele G\u00e4ste f\u00fcr Ostern, nun wo doch das Wetter so gut ist? Und warum sehen wir, dass es bei allen H\u00fctten genau gleich ist. Weil alle \u00fcberall reservieren und sich die Rosinen rauspicken. Schade \ud83d\ude41 Wir haben f\u00fcr die Ostertage t\u00e4glich \u00fcber 100 stornierte Buchungen! Ist das wirklich normal? Wir h\u00e4tten also f\u00fcr Kurzentschlossene nun wieder ganz viele freie Pl\u00e4tze und super Bedingungen. Auch mit einem 3er kann man gut via Fuorcla d\u2019Agnel zu uns kommen. Nuje, aufregen bringt ja nichts und wir freuen uns an den lieben G\u00e4sten die bei uns sind \ud83d\ude42<\/p>\n\n\n\n<p>Morgen kommt Birk wieder, am Freitag kommen Judith und Sebi zum Arbeiten \u00fcber Ostern und auch Jasmins Freund kommt hoch und Denis und Boris kommen auch spontan \u00fcber Ostern. In der K\u00fcche wirds also auf jedenfall cool \ud83d\ude42<\/p>","protected":false},"excerpt":{"rendered":"<p>Heute Morgen haben wir bei Traumwetter wieder mal den Piz Jenatsch Pitchen besucht \ud83d\ude42 Wir dachten ja eigentlich, dass das Wetter sich noch etwas verhalten zeigen w\u00fcrde, aber gar nicht! Es war richtig sch\u00f6n, und auch gar nicht so kalt<\/p>","protected":false},"author":1,"featured_media":0,"comment_status":"closed","ping_status":"closed","sticky":false,"template":"","format":"standard","meta":{"inline_featured_image":false,"footnotes":""},"categories":[1],"tags":[],"class_list":["post-9526","post","type-post","status-publish","format-standard","hentry","category-allgemein"],"_links":{"self":[{"href":"https:\/\/www.chamannajenatsch.ch\/en\/wp-json\/wp\/v2\/posts\/9526","targetHints":{"allow":["GET"]}}],"collection":[{"href":"https:\/\/www.chamannajenatsch.ch\/en\/wp-json\/wp\/v2\/posts"}],"about":[{"href":"https:\/\/www.chamannajenatsch.ch\/en\/wp-json\/wp\/v2\/types\/post"}],"author":[{"embeddable":true,"href":"https:\/\/www.chamannajenatsch.ch\/en\/wp-json\/wp\/v2\/users\/1"}],"replies":[{"embeddable":true,"href":"https:\/\/www.chamannajenatsch.ch\/en\/wp-json\/wp\/v2\/comments?post=9526"}],"version-history":[{"count":1,"href":"https:\/\/www.chamannajenatsch.ch\/en\/wp-json\/wp\/v2\/posts\/9526\/revisions"}],"predecessor-version":[{"id":9527,"href":"https:\/\/www.chamannajenatsch.ch\/en\/wp-json\/wp\/v2\/posts\/9526\/revisions\/9527"}],"wp:attachment":[{"href":"https:\/\/www.chamannajenatsch.ch\/en\/wp-json\/wp\/v2\/media?parent=9526"}],"wp:term":[{"taxonomy":"category","embeddable":true,"href":"https:\/\/www.chamannajenatsch.ch\/en\/wp-json\/wp\/v2\/categories?post=9526"},{"taxonomy":"post_tag","embeddable":true,"href":"https:\/\/www.chamannajenatsch.ch\/en\/wp-json\/wp\/v2\/tags?post=9526"}],"curies":[{"name":"wp","href":"https:\/\/api.w.org\/{rel}","templated":true}]}}